{"provider_url": "https://www.campinaverde.mg.leg.br", "title": "NOTA INFORMATIVA", "html": "<p style=\"text-align: justify; \">A C\u00e2mara Municipal de Campina Verde/MG comunica que, por conta do per\u00edodo eleitoral que se iniciar\u00e1 no dia 15 de agosto, s\u00e1bado, e em observ\u00e2ncia \u00e0 Lei 9.504/97, em seu Artigo 73, VI, b, os canais de comunica\u00e7\u00e3o digital da C\u00e2mara ficar\u00e3o suspensos, TEMPORARIAMENTE, at\u00e9 o t\u00e9rmino do pleito municipal deste ano.<br />Desta forma:<br />\u2013 A p\u00e1gina oficial da C\u00e2mara no Facebook ficar\u00e1 suspensa e sem atividades de publica\u00e7\u00e3o e intera\u00e7\u00e3o com os internautas.<br />\u2013 O canal da C\u00e2mara no YouTube n\u00e3o ter\u00e1 veicula\u00e7\u00e3o de v\u00eddeos ou lives, excetuando-se as transmiss\u00f5es das Sess\u00f5es Legislativas. <br />\u2013 O Site Oficial n\u00e3o ter\u00e1 nenhum tipo de mat\u00e9ria jornal\u00edstica, funcionando apenas com os servi\u00e7os essenciais ao cidad\u00e3o.</p>\r\n<p style=\"text-align: center; \"><img src=\"https://www.campinaverde.mg.leg.br/imagens/CABEALHO.jpg/@@images/9353c8da-b628-4920-8bd1-b1e1e839e242.jpeg\" alt=\"\" class=\"image-inline\" title=\"\" /></p>", "author_name": "sidney", "version": "1.0", "author_url": "https://www.campinaverde.mg.leg.br/author/sidney", "provider_name": "C\u00e2mara Municipal de Campina Verde - MG", "type": "rich"}