{"provider_url": "https://www.campinaverde.mg.leg.br", "title": "NOTA INFORMATIVA", "html": "<p align=\"center\" class=\"yiv3328473527xydp6dc5bc23msonormal\"><b>NOTA INFORMATIVA</b></p>\r\n<p class=\"yiv3328473527xydp6dc5bc23msonormal\">\u00a0</p>\r\n<p class=\"yiv3328473527xydp6dc5bc23msonormal\">O Presidente da C\u00e2mara Municipal de Campina Verde, Vereador Alan Borges de Oliveira, no uso de suas atribui\u00e7\u00f5es legais, informa, conforme disposto no o <b>ATO DA PRESID\u00caNCIA N\u00ba 008/2020</b>, que \u00e0s 13:00 horas, do dia 1\u00ba de junho do corrente ano, tomar\u00e3o posse, no cargo de vereadores, os seguintes suplentes:</p>\r\n<ul>\r\n<li>Claudio Ant\u00f4nio Borges Souza \u2013 PMDB/PROS/PR,</li>\r\n<li>Janete Martins de Oliveira Atoui \u2013 PSC/PP/PT,</li>\r\n<li>Leomar Riberio Martins \u2013 PSC/PP/PT,</li>\r\n<li>Marivaldo Ant\u00f4nio de Souza Silva \u2013 PSC/PP/PT,</li>\r\n<li>Rodrigo Camargos Gon\u00e7alves \u2013 PMDB/PROS/PR,</li>\r\n<li>Valtiva Maciel Mendes \u2013 PSB/SD/PRB.</li>\r\n</ul>\r\n<p class=\"yiv3328473527xydp6dc5bc23msonormal\">\u00a0\u00a0\u00a0\u00a0\u00a0\u00a0\u00a0\u00a0\u00a0\u00a0\u00a0 A solenidade de posse no cargo de vereador ocorrer\u00e1 sem a presen\u00e7a de p\u00fablico externo uma vez que ser\u00e3o observadas as normas sanit\u00e1rias de enfrentamento \u00e0 Pandemia COVID-19.</p>\r\n<p class=\"yiv3328473527xydp6dc5bc23msonormal\">Informa tamb\u00e9m, que conforme disposto na <b>PORTARIA 011/2020</b>, a Reuni\u00e3o Ordin\u00e1ria designada para as 19:00 horas do dia 1\u00ba/06/2020, ocorrer\u00e1 \u00e0s 14:00 horas, tamb\u00e9m sem a presen\u00e7a de p\u00fablico externo, seguindo as mesmas normas sanit\u00e1rias.</p>\r\n<p class=\"yiv3328473527xydp6dc5bc23msonormal\">A posse dos vereadores, bem como a Reuni\u00e3o Ordin\u00e1ria, poder\u00e1 ser acompanhada, ao vivo, atrav\u00e9s da internet, bastando para tanto, acessar os seguintes endere\u00e7os eletr\u00f4nicos:</p>\r\n<ul>\r\n<li>Site:\u00a0<a class=\"external-link\" href=\"http://www.campinaverde.mg.leg.br/\" shape=\"rect\" target=\"_blank\" title=\"\">www.campinaverde.mg.leg.br</a></li>\r\n<li>Facebook:\u00a0<a href=\"https://www.facebook.com/camaramunicipaldecampinaverde/\" shape=\"rect\" target=\"_blank\">https://www.facebook.com/camaramunicipaldecampinaverde/</a></li>\r\n<li>Youtube:\u00a0<a href=\"https://www.youtube.com/channel/UCDbBMml0pRucMgVQTe1mwNg?sub_confirmation=1\" shape=\"rect\" target=\"_blank\">https://www.youtube.com/channel/UCDbBMml0pRucMgVQTe1mwNg?sub_confirmation=1</a></li>\r\n</ul>\r\n<p class=\"yiv3328473527xydp6dc5bc23msonormal\">C\u00e2mara Municipal de Campina Verde \u2013 MG</p>\r\n<p>O Legislativo Moderno e Transparente</p>", "author_name": "sidney", "version": "1.0", "author_url": "https://www.campinaverde.mg.leg.br/author/sidney", "provider_name": "C\u00e2mara Municipal de Campina Verde - MG", "type": "rich"}