{"provider_url": "https://www.campinaverde.mg.leg.br", "title": "Convite:", "html": "<div class=\"xdj266r x11i5rnm xat24cr x1mh8g0r x1vvkbs x126k92a\">\r\n<div dir=\"auto\"><span class=\"html-span xexx8yu x4uap5 x18d9i69 xkhd6sd x1hl2dhg x16tdsg8 x1vvkbs x3nfvp2 x1j61x8r x1fcty0u xdj266r xat24cr xgzva0m xhhsvwb xxymvpz xlup9mm x1kky2od\"><img alt=\"\ud83d\udc49\" class=\"xz74otr x168nmei x13lgxp2 x5pf9jr xo71vjh\" height=\"16\" src=\"https://static.xx.fbcdn.net/images/emoji.php/v9/t51/1/16/1f449.png\" width=\"16\" /></span><span class=\"html-span xexx8yu x4uap5 x18d9i69 xkhd6sd x1hl2dhg x16tdsg8 x1vvkbs x3nfvp2 x1j61x8r x1fcty0u xdj266r xat24cr xgzva0m xhhsvwb xxymvpz xlup9mm x1kky2od\"><img alt=\"\ud83d\udc49\" class=\"xz74otr x168nmei x13lgxp2 x5pf9jr xo71vjh\" height=\"16\" src=\"https://static.xx.fbcdn.net/images/emoji.php/v9/t51/1/16/1f449.png\" width=\"16\" /></span> A C\u00e2mara Municipal de Campina Verde convida toda a popula\u00e7\u00e3o para participar da Audi\u00eancia P\u00fablica que ser\u00e1 realizada nesta sexta-feira, 16 de maio, \u00e0s 09h, no plen\u00e1rio da C\u00e2mara Municipal. O encontro tem como objetivo discutir o Projeto de Lei n\u00ba 2573/2024, que prop\u00f5e a estadualiza\u00e7\u00e3o da Estrada Municipal 070, ligando Campina Verde a S\u00e3o Francisco de Sales.</div>\r\n</div>\r\n<div class=\"x11i5rnm xat24cr x1mh8g0r x1vvkbs xtlvy1s x126k92a\">\r\n<div dir=\"auto\"><span class=\"html-span xexx8yu x4uap5 x18d9i69 xkhd6sd x1hl2dhg x16tdsg8 x1vvkbs x3nfvp2 x1j61x8r x1fcty0u xdj266r xat24cr xgzva0m xhhsvwb xxymvpz xlup9mm x1kky2od\"><img alt=\"\ud83d\ude97\" class=\"xz74otr x168nmei x13lgxp2 x5pf9jr xo71vjh\" height=\"16\" src=\"https://static.xx.fbcdn.net/images/emoji.php/v9/tec/1/16/1f697.png\" width=\"16\" /></span><span class=\"html-span xexx8yu x4uap5 x18d9i69 xkhd6sd x1hl2dhg x16tdsg8 x1vvkbs x3nfvp2 x1j61x8r x1fcty0u xdj266r xat24cr xgzva0m xhhsvwb xxymvpz xlup9mm x1kky2od\"><img alt=\"\ud83d\ude95\" class=\"xz74otr x168nmei x13lgxp2 x5pf9jr xo71vjh\" height=\"16\" src=\"https://static.xx.fbcdn.net/images/emoji.php/v9/tea/1/16/1f695.png\" width=\"16\" /></span> A proposta visa transferir a administra\u00e7\u00e3o e manuten\u00e7\u00e3o dessa via de terra de 54 km para o Departamento de<span class=\"html-span xdj266r x11i5rnm xat24cr x1mh8g0r xexx8yu x4uap5 x18d9i69 xkhd6sd x1hl2dhg x16tdsg8 x1vvkbs\"><a class=\"html-a xdj266r x11i5rnm xat24cr x1mh8g0r xexx8yu x4uap5 x18d9i69 xkhd6sd x1hl2dhg x16tdsg8 x1vvkbs\" tabindex=\"-1\"></a></span> Estradas de Rodagem de Minas Gerais (DER-MG), possibilitando sua pavimenta\u00e7\u00e3o e melhoria das condi\u00e7\u00f5es de tr\u00e1fego. A estrada \u00e9 crucial para o escoamento da produ\u00e7\u00e3o agr\u00edcola da regi\u00e3o, incluindo cana-de-a\u00e7\u00facar, soja, milho e laranja, al\u00e9m de ser fundamental para o acesso da popula\u00e7\u00e3o a servi\u00e7os essenciais.</div>\r\n</div>", "author_name": "", "version": "1.0", "author_url": "https://www.campinaverde.mg.leg.br/author/William", "provider_name": "C\u00e2mara Municipal de Campina Verde - MG", "type": "rich"}